{"id":323,"date":"2016-10-28T14:23:00","date_gmt":"2016-10-28T12:23:00","guid":{"rendered":"http:\/\/www.martin-joseph.com\/en\/?p=323"},"modified":"2017-03-27T11:14:51","modified_gmt":"2017-03-27T09:14:51","slug":"lentreprise-joseph-martin-decolletage-fete-son-70eme-anniversaire","status":"publish","type":"post","link":"https:\/\/www.martin-joseph.com\/en\/lentreprise-joseph-martin-decolletage-fete-son-70eme-anniversaire\/","title":{"rendered":"70\u00e8me anniversaire"},"content":{"rendered":"<div class=\"actualites-date\">\n<h2>L&#8217;entreprise Joseph Martin d\u00e9colletage f\u00eate son 70\u00e8me anniversaire<\/h2>\n<\/div>\n<div class=\"actualites-date\"><\/div>\n<div class=\"actualites-date\">08\/09\/2016<\/div>\n<p>Vendredi 17 Juin, l\u2019entreprise Joseph Martin a souffl\u00e9 ses bougies, et pas n\u2019importe lesquelles,\u00a0 son\u00a0 70\u00e8me anniversaire !<br \/>\nUne belle aventure familiale d\u00e9but\u00e9e en 1946 par Mr Joseph Martin fondateur de la soci\u00e9t\u00e9 qui aujourd\u2019hui se poursuit avec ses enfants et petits-enfants.<br \/>\nForte de plus de 200 personnes, la soci\u00e9t\u00e9 Martin r\u00e9alise un chiffre d\u2019affaires de 25M\u20ac principalement \u00e0 l\u2019export.<br \/>\nL\u2019occasion de f\u00eater en pr\u00e9sence de tous les salari\u00e9s accompagn\u00e9s de leurs conjoints et de clients ce grand \u00e9v\u00e8nement au Cabaret du Monde \u00e0 Bonneville.<br \/>\nApr\u00e8s un beau discours de Mr Laurent Martin, directeur g\u00e9n\u00e9ral de l\u2019entreprise, et une diffusion de l\u2019unique vid\u00e9o de Mr Joseph Martin, cet \u00e9v\u00e8nement a permis de retracer les moments forts de l\u2019entreprise. La soir\u00e9e s\u2019est poursuivie dans une ambiance tr\u00e8s festive.<\/p>\n<p><a href=\"http:\/\/www.martin-joseph.com\/en\/wp-content\/uploads\/sites\/7\/2016\/10\/2016072822ancien_atelier_joseph_martin1.jpg\"><img loading=\"lazy\" decoding=\"async\" class=\"wp-image-635 size-medium alignnone\" src=\"http:\/\/www.martin-joseph.com\/en\/wp-content\/uploads\/sites\/7\/2016\/10\/2016072822ancien_atelier_joseph_martin1-300x187.jpg\" alt=\"70 ans Martin Joseph D\u00e9colletage\" width=\"300\" height=\"187\" srcset=\"https:\/\/www.martin-joseph.com\/en\/wp-content\/uploads\/sites\/7\/2016\/10\/2016072822ancien_atelier_joseph_martin1-300x187.jpg 300w, https:\/\/www.martin-joseph.com\/en\/wp-content\/uploads\/sites\/7\/2016\/10\/2016072822ancien_atelier_joseph_martin1.jpg 302w\" sizes=\"auto, (max-width: 300px) 100vw, 300px\" \/><\/a><\/p>\n<p><a href=\"http:\/\/www.martin-joseph.com\/en\/wp-content\/uploads\/sites\/7\/2016\/10\/20160728701ancien_atelier_joseph_martin_grd.jpg\"><img loading=\"lazy\" decoding=\"async\" class=\"wp-image-633 size-medium alignnone\" src=\"http:\/\/www.martin-joseph.com\/en\/wp-content\/uploads\/sites\/7\/2016\/10\/20160728701ancien_atelier_joseph_martin_grd-300x187.jpg\" alt=\"Atelier Martin Joseph\" width=\"300\" height=\"187\" srcset=\"https:\/\/www.martin-joseph.com\/en\/wp-content\/uploads\/sites\/7\/2016\/10\/20160728701ancien_atelier_joseph_martin_grd-300x187.jpg 300w, https:\/\/www.martin-joseph.com\/en\/wp-content\/uploads\/sites\/7\/2016\/10\/20160728701ancien_atelier_joseph_martin_grd-768x478.jpg 768w, https:\/\/www.martin-joseph.com\/en\/wp-content\/uploads\/sites\/7\/2016\/10\/20160728701ancien_atelier_joseph_martin_grd.jpg 800w\" sizes=\"auto, (max-width: 300px) 100vw, 300px\" \/><\/a><\/p>\n","protected":false},"excerpt":{"rendered":"<p>L&#8217;entreprise Joseph Martin d\u00e9colletage f\u00eate son 70\u00e8me anniversaire 08\/09\/2016 Vendredi 17 Juin, l\u2019entreprise Joseph Martin a souffl\u00e9 ses bougies, et pas n\u2019importe lesquelles,\u00a0 son\u00a0 70\u00e8me anniversaire<span class=\"excerpt-hellip\"> [\u2026]<\/span><\/p>\n","protected":false},"author":1,"featured_media":324,"comment_status":"closed","ping_status":"closed","sticky":false,"template":"","format":"standard","meta":{"footnotes":""},"categories":[1],"tags":[],"class_list":["post-323","post","type-post","status-publish","format-standard","has-post-thumbnail","hentry","category-non-classe"],"_links":{"self":[{"href":"https:\/\/www.martin-joseph.com\/en\/wp-json\/wp\/v2\/posts\/323","targetHints":{"allow":["GET"]}}],"collection":[{"href":"https:\/\/www.martin-joseph.com\/en\/wp-json\/wp\/v2\/posts"}],"about":[{"href":"https:\/\/www.martin-joseph.com\/en\/wp-json\/wp\/v2\/types\/post"}],"author":[{"embeddable":true,"href":"https:\/\/www.martin-joseph.com\/en\/wp-json\/wp\/v2\/users\/1"}],"replies":[{"embeddable":true,"href":"https:\/\/www.martin-joseph.com\/en\/wp-json\/wp\/v2\/comments?post=323"}],"version-history":[{"count":0,"href":"https:\/\/www.martin-joseph.com\/en\/wp-json\/wp\/v2\/posts\/323\/revisions"}],"wp:featuredmedia":[{"embeddable":true,"href":"https:\/\/www.martin-joseph.com\/en\/wp-json\/wp\/v2\/media\/324"}],"wp:attachment":[{"href":"https:\/\/www.martin-joseph.com\/en\/wp-json\/wp\/v2\/media?parent=323"}],"wp:term":[{"taxonomy":"category","embeddable":true,"href":"https:\/\/www.martin-joseph.com\/en\/wp-json\/wp\/v2\/categories?post=323"},{"taxonomy":"post_tag","embeddable":true,"href":"https:\/\/www.martin-joseph.com\/en\/wp-json\/wp\/v2\/tags?post=323"}],"curies":[{"name":"wp","href":"https:\/\/api.w.org\/{rel}","templated":true}]}}