{"id":1603,"date":"2019-03-26T13:37:36","date_gmt":"2019-03-26T12:37:36","guid":{"rendered":"http:\/\/www.martin-joseph.com\/en\/?p=1603"},"modified":"2019-07-15T09:03:37","modified_gmt":"2019-07-15T07:03:37","slug":"projet-dagrandissement-et-demenagement-pour-lentreprise-joseph-martin","status":"publish","type":"post","link":"https:\/\/www.martin-joseph.com\/en\/projet-dagrandissement-et-demenagement-pour-lentreprise-joseph-martin\/","title":{"rendered":"Projet d\u2019agrandissement et d\u00e9m\u00e9nagement pour l\u2019entreprise Joseph Martin"},"content":{"rendered":"\r\n<p>Le projet d\u2019agrandissement de la soci\u00e9t\u00e9 Joseph MARTIN sur le site de Vougy prend forme.<\/p>\r\n\r\n\r\n\r\n<p>Depuis quelques semaines, les travaux d\u2019ext\u00e9rieurs du b\u00e2timent ont \u00e9t\u00e9 finalis\u00e9s. La prochaine \u00e9tape va \u00eatre l\u2019am\u00e9nagement du b\u00e2timent, le d\u00e9m\u00e9nagement et la r\u00e9organisation de l\u2019atelier de production.<\/p>\r\n\r\n\r\n\r\n<p>L\u2019objectif de cet agrandissement est de r\u00e9organiser les secteurs de production en \u00eelot, en tenant compte des emplacements actuels, tout en apportant des am\u00e9liorations aussi bien <strong>technique qu\u2019ergonomique<\/strong> pour en cr\u00e9er un espace de travail fonctionnel et agr\u00e9able pour les salari\u00e9s. Il permettra aussi un <strong>accroissement de capacit\u00e9 d\u2019environ 30%<\/strong>.<\/p>\r\n\r\n\r\n\r\n<p>Tout comme \u00e0 son origine, le site de Vougy va \u00eatre totalement d\u00e9di\u00e9 aux <strong>op\u00e9rations de d\u00e9colletage<\/strong>. Le site de Bonneville, quant \u00e0 lui, accueillera toutes les op\u00e9rations <strong>post usinage <\/strong>(lavage\/assemblage\/tri).<\/p>\r\n\r\n\r\n\r\n<p>La volont\u00e9 est de <strong>d\u00e9sengorger le b\u00e2timent actuel<\/strong>, <strong>r\u00e9organiser les secteurs <\/strong>par typologie de machine en int\u00e9grant les <strong>standards du LEAN<\/strong>.<\/p>\r\n\r\n\r\n\r\n<p>Cr\u00e9ation d\u2019all\u00e9es de circulations en vue de l\u2019implantation d\u2019un petit train, s\u00e9paration des flux hommes\/mati\u00e8res, cr\u00e9ations de p\u00f4les d\u2019affutages afin d\u2019am\u00e9nager et de d\u00e9dier des espaces de travail aux d\u00e9colleteurs.<\/p>\r\n\r\n\r\n\r\n<p>Ceci va aussi permettre d\u2019<strong>optimiser les d\u00e9placements<\/strong>, de <strong>r\u00e9organiser des flux<\/strong>, de <strong>cr\u00e9er des zones de communications<\/strong> afin de faciliter les \u00e9changes et le travail d\u2019\u00e9quipe.<\/p>\r\n\r\n\r\n\r\n<p>Afin que nos salari\u00e9s travaillent dans les meilleures conditions, les ateliers seront <strong>enti\u00e8rement climatis\u00e9s<\/strong> et un <strong>syst\u00e8me d\u2019aspiration des brouillards d\u2019huiles<\/strong> de derni\u00e8re g\u00e9n\u00e9ration va \u00eatre install\u00e9.<\/p>\r\n\r\n\r\n\r\n<p>Les derni\u00e8res r\u00e9flexions portent sur la centralisation des huiles de d\u00e9colletage pour <strong>r\u00e9duire l\u2019impact de l\u2019entreprise sur l\u2019environnement<\/strong>.<\/p>\r\n\r\n\r\n\r\n<p>La fin des travaux est pr\u00e9vu pour Juillet 2019 et le d\u00e9m\u00e9nagement est pr\u00e9vu pour Aout 2019 jusqu\u2019\u00e0 la fin de l\u2019ann\u00e9e.<\/p>\r\n\r\n\r\n\r\n<p>Un projet d\u2019envergure n\u00e9cessaire pour l\u2019avenir et le d\u00e9veloppement de l\u2019entreprise Joseph MARTIN.<\/p>\r\n\r\n\r\n\r\n<figure class=\"wp-block-image\"><img loading=\"lazy\" decoding=\"async\" width=\"963\" height=\"369\" class=\"wp-image-1673\" src=\"http:\/\/www.martin-joseph.com\/en\/wp-content\/uploads\/sites\/7\/2019\/04\/agrandissement-Vougy-Joseph-Martin.png\" alt=\"\" srcset=\"https:\/\/www.martin-joseph.com\/en\/wp-content\/uploads\/sites\/7\/2019\/04\/agrandissement-Vougy-Joseph-Martin.png 963w, https:\/\/www.martin-joseph.com\/en\/wp-content\/uploads\/sites\/7\/2019\/04\/agrandissement-Vougy-Joseph-Martin-300x115.png 300w, https:\/\/www.martin-joseph.com\/en\/wp-content\/uploads\/sites\/7\/2019\/04\/agrandissement-Vougy-Joseph-Martin-768x294.png 768w\" sizes=\"auto, (max-width: 963px) 100vw, 963px\" \/><\/figure>\r\n\r\n\r\n\r\n<div class=\"wp-block-image\">\r\n<figure class=\"aligncenter\"><img loading=\"lazy\" decoding=\"async\" width=\"700\" height=\"525\" class=\"wp-image-1606\" src=\"http:\/\/www.martin-joseph.com\/en\/wp-content\/uploads\/sites\/7\/2019\/03\/nouveau-batiments-Joseph-Martin-1.jpg\" alt=\"\" srcset=\"https:\/\/www.martin-joseph.com\/en\/wp-content\/uploads\/sites\/7\/2019\/03\/nouveau-batiments-Joseph-Martin-1.jpg 700w, https:\/\/www.martin-joseph.com\/en\/wp-content\/uploads\/sites\/7\/2019\/03\/nouveau-batiments-Joseph-Martin-1-300x225.jpg 300w\" sizes=\"auto, (max-width: 700px) 100vw, 700px\" \/><\/figure>\r\n<\/div>\r\n\r\n\r\n\r\n<div class=\"wp-block-image\">\r\n<figure class=\"aligncenter\"><img loading=\"lazy\" decoding=\"async\" width=\"700\" height=\"525\" class=\"wp-image-1607\" src=\"http:\/\/www.martin-joseph.com\/en\/wp-content\/uploads\/sites\/7\/2019\/03\/nouveau-batiment-Joseph-Martin-2-1.jpg\" alt=\"\" srcset=\"https:\/\/www.martin-joseph.com\/en\/wp-content\/uploads\/sites\/7\/2019\/03\/nouveau-batiment-Joseph-Martin-2-1.jpg 700w, https:\/\/www.martin-joseph.com\/en\/wp-content\/uploads\/sites\/7\/2019\/03\/nouveau-batiment-Joseph-Martin-2-1-300x225.jpg 300w\" sizes=\"auto, (max-width: 700px) 100vw, 700px\" \/><\/figure>\r\n<\/div>\r\n","protected":false},"excerpt":{"rendered":"<p>Le projet d\u2019agrandissement de la soci\u00e9t\u00e9 Joseph MARTIN sur le site de Vougy prend forme. Depuis quelques semaines, les travaux d\u2019ext\u00e9rieurs du b\u00e2timent ont \u00e9t\u00e9 finalis\u00e9s.<span class=\"excerpt-hellip\"> [\u2026]<\/span><\/p>\n","protected":false},"author":3,"featured_media":1673,"comment_status":"closed","ping_status":"closed","sticky":false,"template":"","format":"standard","meta":{"footnotes":""},"categories":[1],"tags":[],"class_list":["post-1603","post","type-post","status-publish","format-standard","has-post-thumbnail","hentry","category-non-classe"],"_links":{"self":[{"href":"https:\/\/www.martin-joseph.com\/en\/wp-json\/wp\/v2\/posts\/1603","targetHints":{"allow":["GET"]}}],"collection":[{"href":"https:\/\/www.martin-joseph.com\/en\/wp-json\/wp\/v2\/posts"}],"about":[{"href":"https:\/\/www.martin-joseph.com\/en\/wp-json\/wp\/v2\/types\/post"}],"author":[{"embeddable":true,"href":"https:\/\/www.martin-joseph.com\/en\/wp-json\/wp\/v2\/users\/3"}],"replies":[{"embeddable":true,"href":"https:\/\/www.martin-joseph.com\/en\/wp-json\/wp\/v2\/comments?post=1603"}],"version-history":[{"count":0,"href":"https:\/\/www.martin-joseph.com\/en\/wp-json\/wp\/v2\/posts\/1603\/revisions"}],"wp:featuredmedia":[{"embeddable":true,"href":"https:\/\/www.martin-joseph.com\/en\/wp-json\/wp\/v2\/media\/1673"}],"wp:attachment":[{"href":"https:\/\/www.martin-joseph.com\/en\/wp-json\/wp\/v2\/media?parent=1603"}],"wp:term":[{"taxonomy":"category","embeddable":true,"href":"https:\/\/www.martin-joseph.com\/en\/wp-json\/wp\/v2\/categories?post=1603"},{"taxonomy":"post_tag","embeddable":true,"href":"https:\/\/www.martin-joseph.com\/en\/wp-json\/wp\/v2\/tags?post=1603"}],"curies":[{"name":"wp","href":"https:\/\/api.w.org\/{rel}","templated":true}]}}