{"id":1177,"date":"2018-11-13T17:04:37","date_gmt":"2018-11-13T16:04:37","guid":{"rendered":"http:\/\/www.martin-joseph.com\/en\/?p=1177"},"modified":"2019-07-15T09:05:06","modified_gmt":"2019-07-15T07:05:06","slug":"joseph-martin-au-salon-amd-automotive-de-detroit","status":"publish","type":"post","link":"https:\/\/www.martin-joseph.com\/en\/joseph-martin-au-salon-amd-automotive-de-detroit\/","title":{"rendered":"Joseph Martin au salon AMD Automotive de D\u00e9troit"},"content":{"rendered":"<p>L\u2019entreprise Joseph Martin \u00e9tait pr\u00e9sente au salon AMD Automotive de D\u00e9troit qui se d\u00e9roulait du 16 au 18 octobre dernier.<\/p>\n<p>AMD Automotive D\u00e9troit est le premier \u00e9v\u00e8nement aux Etats-Unis sp\u00e9cialement d\u00e9di\u00e9 \u00e0 l\u2019automobile et rassemble plus de 600 entreprises exposantes (comprenant des \u00e9quipementiers, fournisseurs et sous-traitants) venant de plus de 25 pays.<\/p>\n<p>Pour l\u2019entreprise Joseph Martin cette participation au salon est l\u2019occasion de d\u00e9velopper sa pr\u00e9sence aux Etats-Unis. Apr\u00e8s plus de 30 ans de collaboration avec le march\u00e9 am\u00e9ricain, l\u2019entreprise souhaite renforcer son positionnement dans la fili\u00e8re automobile.<\/p>\n<p><img loading=\"lazy\" decoding=\"async\" class=\"alignnone size-medium wp-image-1181\" src=\"http:\/\/www.martin-joseph.com\/en\/wp-content\/uploads\/sites\/7\/2018\/11\/Photo-stand-Laurent-D\u00e9troit-2-300x225.jpg\" alt=\"\" width=\"300\" height=\"225\" srcset=\"https:\/\/www.martin-joseph.com\/en\/wp-content\/uploads\/sites\/7\/2018\/11\/Photo-stand-Laurent-D\u00e9troit-2-300x225.jpg 300w, https:\/\/www.martin-joseph.com\/en\/wp-content\/uploads\/sites\/7\/2018\/11\/Photo-stand-Laurent-D\u00e9troit-2-768x576.jpg 768w, https:\/\/www.martin-joseph.com\/en\/wp-content\/uploads\/sites\/7\/2018\/11\/Photo-stand-Laurent-D\u00e9troit-2-1024x768.jpg 1024w, https:\/\/www.martin-joseph.com\/en\/wp-content\/uploads\/sites\/7\/2018\/11\/Photo-stand-Laurent-D\u00e9troit-2.jpg 2016w\" sizes=\"auto, (max-width: 300px) 100vw, 300px\" \/><\/p>\n","protected":false},"excerpt":{"rendered":"<p>L\u2019entreprise Joseph Martin \u00e9tait pr\u00e9sente au salon AMD Automotive de D\u00e9troit qui se d\u00e9roulait du 16 au 18 octobre dernier. AMD Automotive D\u00e9troit est le premier<span class=\"excerpt-hellip\"> [\u2026]<\/span><\/p>\n","protected":false},"author":3,"featured_media":1181,"comment_status":"closed","ping_status":"closed","sticky":false,"template":"","format":"standard","meta":{"footnotes":""},"categories":[1],"tags":[],"class_list":["post-1177","post","type-post","status-publish","format-standard","has-post-thumbnail","hentry","category-non-classe"],"_links":{"self":[{"href":"https:\/\/www.martin-joseph.com\/en\/wp-json\/wp\/v2\/posts\/1177","targetHints":{"allow":["GET"]}}],"collection":[{"href":"https:\/\/www.martin-joseph.com\/en\/wp-json\/wp\/v2\/posts"}],"about":[{"href":"https:\/\/www.martin-joseph.com\/en\/wp-json\/wp\/v2\/types\/post"}],"author":[{"embeddable":true,"href":"https:\/\/www.martin-joseph.com\/en\/wp-json\/wp\/v2\/users\/3"}],"replies":[{"embeddable":true,"href":"https:\/\/www.martin-joseph.com\/en\/wp-json\/wp\/v2\/comments?post=1177"}],"version-history":[{"count":0,"href":"https:\/\/www.martin-joseph.com\/en\/wp-json\/wp\/v2\/posts\/1177\/revisions"}],"wp:featuredmedia":[{"embeddable":true,"href":"https:\/\/www.martin-joseph.com\/en\/wp-json\/wp\/v2\/media\/1181"}],"wp:attachment":[{"href":"https:\/\/www.martin-joseph.com\/en\/wp-json\/wp\/v2\/media?parent=1177"}],"wp:term":[{"taxonomy":"category","embeddable":true,"href":"https:\/\/www.martin-joseph.com\/en\/wp-json\/wp\/v2\/categories?post=1177"},{"taxonomy":"post_tag","embeddable":true,"href":"https:\/\/www.martin-joseph.com\/en\/wp-json\/wp\/v2\/tags?post=1177"}],"curies":[{"name":"wp","href":"https:\/\/api.w.org\/{rel}","templated":true}]}}