{"id":1129,"date":"2018-10-23T14:51:06","date_gmt":"2018-10-23T12:51:06","guid":{"rendered":"http:\/\/www.martin-joseph.com\/en\/?p=1129"},"modified":"2018-10-23T15:37:53","modified_gmt":"2018-10-23T13:37:53","slug":"joseph-martin-se-reengage-dans-le-2eme-volet-de-loperation-mobilarve","status":"publish","type":"post","link":"https:\/\/www.martin-joseph.com\/en\/joseph-martin-se-reengage-dans-le-2eme-volet-de-loperation-mobilarve\/","title":{"rendered":"Joseph Martin se r\u00e9engage dans le 2\u00e8me Volet de l&#8217;Op\u00e9ration Mobil&#8217;Arve"},"content":{"rendered":"<p>Depuis 2014, Joseph Martin s\u2019est engag\u00e9 aux c\u00f4t\u00e9s de Mobil\u2019Arve\u00a0: un dispositif mis en place dans le cadre du Plan de Protection de l\u2019atmosph\u00e8re de la Vall\u00e9e de l\u2019Arve.<\/p>\n<p>Cette op\u00e9ration vise la r\u00e9duction des \u00e9missions li\u00e9es aux d\u00e9placements des salari\u00e9s de la Vall\u00e9e de l\u2019Arve \u00e0 travers la mise en \u0153uvre de plan de d\u00e9placement.<\/p>\n<p>Pour Joseph Martin, ce premier volet a \u00e9t\u00e9 port\u00e9 par un plan d\u2019action cons\u00e9quent.<\/p>\n<p>Tout d\u2019abord l\u2019entreprise a mis en place un <strong>plan de communication<\/strong> sur le dispositif global Mobil\u2019Arve afin de sensibiliser le personnel et favoriser la prise de conscience.<\/p>\n<p>Ensuite, le d\u00e9veloppement du covoiturage a \u00e9t\u00e9 lanc\u00e9 dans l\u2019entreprise par diff\u00e9rents moyens\u00a0:<\/p>\n<p>&#8211;<strong> Cr\u00e9ation d\u2019une communaut\u00e9 de covoiturage<\/strong> Joseph Martin par le biais du site de covoiturage du Conseil G\u00e9n\u00e9ral 74.<\/p>\n<p>&#8211; <strong>Participation et organisation du Challenge Mobilit\u00e9<\/strong> depuis 3 ans (<strong>en 2017, l\u2019entreprise est arriv\u00e9e 1\u00e8re d\u00e9partementale et 4<sup style=\"font-weight: 300;\">\u00e8me<\/sup><\/strong><span style=\"font-weight: 300;\"><strong> r\u00e9gionale<\/strong>).<\/span><\/p>\n<p>Des actions ont \u00e9t\u00e9 mises en \u0153uvre \u00e9galement pour <strong>limiter les trajets domicile\/travail\u00a0<\/strong> en<strong> r\u00e9am\u00e9nageant les horaires de la pause de midi<\/strong> et en mettant \u00e0 disposition une salle de repas.<\/p>\n<p>Le bilan du 1<sup>er<\/sup> Volet a \u00e9t\u00e9 tr\u00e8s positif pour Joseph Martin.<\/p>\n<p>En effet, depuis la mise en \u0153uvre du projet, l\u2019entreprise a constat\u00e9 une prise de conscience g\u00e9n\u00e9rale des salari\u00e9s et une hausse de la participation du covoiturage. Certains salari\u00e9s, en participant \u00e0 la journ\u00e9e du Challenge Mobilit\u00e9 \u00ab\u00a0pour un jour ou pour tous les jours\u00a0\u00bb ont adopt\u00e9 le<strong> r\u00e9flexe au quotidien<\/strong>.<\/p>\n<p>C\u2019est donc tout naturellement que l\u2019entreprise Joseph Martin renouvelle son engagement dans ce dispositif et a donc particip\u00e9 \u00e0 la r\u00e9union de lancement du 2<sup>\u00e8me<\/sup> Volet de l\u2019op\u00e9ration Mobil\u2019Arve\u00a0qui a eu lieu le 26\/09\/2018 \u00e0 la Mairie de Bonneville :<\/p>\n<blockquote><p><strong>Devant les enjeux environnementaux, nous sommes tous responsables.<\/strong><\/p><\/blockquote>\n<p><img loading=\"lazy\" decoding=\"async\" class=\"size-medium wp-image-318 aligncenter\" style=\"color: #333333; font-style: normal; font-weight: 300;\" src=\"http:\/\/www.martin-joseph.com\/en\/wp-content\/uploads\/sites\/7\/2016\/10\/juilleta-300x187.png\" alt=\"Joseph Martin se r\u00e9engage dans le 2\u00e8me volet de l'op\u00e9ration Mobil'Arve\" width=\"300\" height=\"187\" srcset=\"https:\/\/www.martin-joseph.com\/en\/wp-content\/uploads\/sites\/7\/2016\/10\/juilleta-300x187.png 300w, https:\/\/www.martin-joseph.com\/en\/wp-content\/uploads\/sites\/7\/2016\/10\/juilleta.png 302w\" sizes=\"auto, (max-width: 300px) 100vw, 300px\" \/><\/p>\n","protected":false},"excerpt":{"rendered":"<p>Depuis 2014, Joseph Martin s\u2019est engag\u00e9 aux c\u00f4t\u00e9s de Mobil\u2019Arve\u00a0: un dispositif mis en place dans le cadre du Plan de Protection de l\u2019atmosph\u00e8re de la<span class=\"excerpt-hellip\"> [\u2026]<\/span><\/p>\n","protected":false},"author":3,"featured_media":318,"comment_status":"closed","ping_status":"closed","sticky":false,"template":"","format":"standard","meta":{"footnotes":""},"categories":[1],"tags":[],"class_list":["post-1129","post","type-post","status-publish","format-standard","has-post-thumbnail","hentry","category-non-classe"],"_links":{"self":[{"href":"https:\/\/www.martin-joseph.com\/en\/wp-json\/wp\/v2\/posts\/1129","targetHints":{"allow":["GET"]}}],"collection":[{"href":"https:\/\/www.martin-joseph.com\/en\/wp-json\/wp\/v2\/posts"}],"about":[{"href":"https:\/\/www.martin-joseph.com\/en\/wp-json\/wp\/v2\/types\/post"}],"author":[{"embeddable":true,"href":"https:\/\/www.martin-joseph.com\/en\/wp-json\/wp\/v2\/users\/3"}],"replies":[{"embeddable":true,"href":"https:\/\/www.martin-joseph.com\/en\/wp-json\/wp\/v2\/comments?post=1129"}],"version-history":[{"count":0,"href":"https:\/\/www.martin-joseph.com\/en\/wp-json\/wp\/v2\/posts\/1129\/revisions"}],"wp:featuredmedia":[{"embeddable":true,"href":"https:\/\/www.martin-joseph.com\/en\/wp-json\/wp\/v2\/media\/318"}],"wp:attachment":[{"href":"https:\/\/www.martin-joseph.com\/en\/wp-json\/wp\/v2\/media?parent=1129"}],"wp:term":[{"taxonomy":"category","embeddable":true,"href":"https:\/\/www.martin-joseph.com\/en\/wp-json\/wp\/v2\/categories?post=1129"},{"taxonomy":"post_tag","embeddable":true,"href":"https:\/\/www.martin-joseph.com\/en\/wp-json\/wp\/v2\/tags?post=1129"}],"curies":[{"name":"wp","href":"https:\/\/api.w.org\/{rel}","templated":true}]}}