{"id":1027,"date":"2018-07-09T10:52:11","date_gmt":"2018-07-09T08:52:11","guid":{"rendered":"http:\/\/www.martin-joseph.com\/en\/?p=1027"},"modified":"2018-10-23T15:37:13","modified_gmt":"2018-10-23T13:37:13","slug":"1ere-place-pour-joseph-martin-au-challenge-mobilite-auvergne-rhone-alpes","status":"publish","type":"post","link":"https:\/\/www.martin-joseph.com\/en\/1ere-place-pour-joseph-martin-au-challenge-mobilite-auvergne-rhone-alpes\/","title":{"rendered":"1\u00e8re place pour Joseph Martin au Challenge Mobilit\u00e9 !"},"content":{"rendered":"<div class=\"wpb-content-wrapper\"><p>[vc_row][vc_column][vc_column_text]** R\u00e9sultat du Challenge **<\/p>\n<p>Suite \u00e0 sa participation au Challenge Mobilit\u00e9 Auvergne Rh\u00f4ne-Alpes, l&#8217;entreprise Joseph Martin a r\u00e9ussi a se glisser en t\u00eate du podium en arrivant 1er d\u00e9partemental avec un taux de participation de 67% (dans la cat\u00e9gorie &#8220;petites villes et territoires ruraux&#8221; \u00e9tablissement de plus de 50 salari\u00e9s).<\/p>\n<p>Au niveau r\u00e9gional, l&#8217;entreprise a fr\u00f4l\u00e9 le podium en arrivant 4\u00e8me sur plus de 77 entreprises (toujours dans la m\u00eame cat\u00e9gorie).<\/p>\n<p>Joseph Martin a \u00e9galement remport\u00e9 le prix &#8220;<strong>cour de c\u0153ur<\/strong>&#8221; dans la mention covoiturage. Ce prix r\u00e9compense les \u00e9tablissements participants ayant redoubl\u00e9 d&#8217;inventivit\u00e9, de cr\u00e9ativit\u00e9 et d&#8217;originalit\u00e9 pour faire de cette journ\u00e9e une v\u00e9ritable f\u00eate de la mobilit\u00e9.<\/p>\n<p>L&#8217;entreprise tient \u00e0 remercier tous ses salari\u00e9s pour leurs implications pour cette journ\u00e9e mobilit\u00e9 : les efforts de chacun ont \u00e9t\u00e9 r\u00e9compens\u00e9s !<\/p>\n<p>[\/vc_column_text][vc_images_carousel images=&#8221;1035,1034,1033,1032&#8243; img_size=&#8221;medium&#8221; autoplay=&#8221;yes&#8221; wrap=&#8221;yes&#8221;][\/vc_column][\/vc_row]<\/p>\n<\/div>","protected":false},"excerpt":{"rendered":"<p>[vc_row][vc_column][vc_column_text]** R\u00e9sultat du Challenge ** Suite \u00e0 sa participation au Challenge Mobilit\u00e9 Auvergne Rh\u00f4ne-Alpes, l&#8217;entreprise Joseph Martin a r\u00e9ussi a se glisser en t\u00eate du podium<span class=\"excerpt-hellip\"> [\u2026]<\/span><\/p>\n","protected":false},"author":3,"featured_media":1035,"comment_status":"closed","ping_status":"closed","sticky":false,"template":"","format":"standard","meta":{"footnotes":""},"categories":[1],"tags":[],"class_list":["post-1027","post","type-post","status-publish","format-standard","has-post-thumbnail","hentry","category-non-classe"],"_links":{"self":[{"href":"https:\/\/www.martin-joseph.com\/en\/wp-json\/wp\/v2\/posts\/1027","targetHints":{"allow":["GET"]}}],"collection":[{"href":"https:\/\/www.martin-joseph.com\/en\/wp-json\/wp\/v2\/posts"}],"about":[{"href":"https:\/\/www.martin-joseph.com\/en\/wp-json\/wp\/v2\/types\/post"}],"author":[{"embeddable":true,"href":"https:\/\/www.martin-joseph.com\/en\/wp-json\/wp\/v2\/users\/3"}],"replies":[{"embeddable":true,"href":"https:\/\/www.martin-joseph.com\/en\/wp-json\/wp\/v2\/comments?post=1027"}],"version-history":[{"count":0,"href":"https:\/\/www.martin-joseph.com\/en\/wp-json\/wp\/v2\/posts\/1027\/revisions"}],"wp:featuredmedia":[{"embeddable":true,"href":"https:\/\/www.martin-joseph.com\/en\/wp-json\/wp\/v2\/media\/1035"}],"wp:attachment":[{"href":"https:\/\/www.martin-joseph.com\/en\/wp-json\/wp\/v2\/media?parent=1027"}],"wp:term":[{"taxonomy":"category","embeddable":true,"href":"https:\/\/www.martin-joseph.com\/en\/wp-json\/wp\/v2\/categories?post=1027"},{"taxonomy":"post_tag","embeddable":true,"href":"https:\/\/www.martin-joseph.com\/en\/wp-json\/wp\/v2\/tags?post=1027"}],"curies":[{"name":"wp","href":"https:\/\/api.w.org\/{rel}","templated":true}]}}